{"id":1691,"date":"2022-11-15T13:36:00","date_gmt":"2022-11-15T12:36:00","guid":{"rendered":"https:\/\/blog.iode.tech\/?p=1691"},"modified":"2024-04-09T15:21:41","modified_gmt":"2024-04-09T13:21:41","slug":"wetell-communication-mobile-climatiquement-neutre-et-protection-des-donnees","status":"publish","type":"post","link":"https:\/\/blog.iode.tech\/fr\/wetell-communication-mobile-climatiquement-neutre-et-protection-des-donnees\/","title":{"rendered":"WEtell : communication mobile climatiquement neutre et protection des donn\u00e9es"},"content":{"rendered":"\n<p>Aujourd\u2019hui, nous voulons vous pr\u00e9senter une entreprise allemande qui s\u2019est engag\u00e9e dans la mission de prot\u00e9ger \u00e0 la fois l\u2019environnement et les donn\u00e9es dans le secteur des communications mobiles. Comment ? Vous allez l\u2019apprendre dans cet interview avec Andreas, l\u2019un des co-fondateurs de WEtell.<\/p>\n\n\n\n<p>Chez iod\u00e9,\u00a0 d\u00e8s lors que nous avons entendu parler de WEtell, nous avons tout de suite su que nous devions collaborer. Une entreprise qui s\u2019engage sur les m\u00eames valeurs, \u00e0 savoir la protection du climat et la protection des donn\u00e9es ?\u00a0 Qui propose des services de communication mobile, alors que nous d\u00e9veloppons <a href=\"https:\/\/iode.tech\/iodeos\">un syst\u00e8me d\u2019exploitation<\/a> et <a href=\"https:\/\/iode.tech\">vendons des smartphones<\/a> ? Nous avons donc contact\u00e9 l\u2019\u00e9quipe de WEtell et avons rapidement appris \u00e0 nous conna\u00eetre, puis avons pu pr\u00e9senter il y a quelques semaines\u00a0 notre projet dans un interview pour <a href=\"https:\/\/www.wetell.de\/wetell-spotlight-iode\/\">Spotlight de WEtell<\/a>. Il est maintenant temps de mettre en avant WEtell et leur histoire. Allons-y!<\/p>\n\n\n\n<h2 class=\"wp-block-heading has-text-align-center\">\u00c0 propos de Andreas Schmucker<\/h2>\n\n\n<div class=\"wp-block-image\">\n<figure class=\"alignright size-full\"><img loading=\"lazy\" decoding=\"async\" width=\"400\" height=\"400\" src=\"https:\/\/blog.iode.tech\/wp-content\/uploads\/2024\/03\/DSC_0403-2_sq-400x400-1.jpg\" alt=\"\" class=\"wp-image-1294\" srcset=\"https:\/\/blog.iode.tech\/wp-content\/uploads\/2024\/03\/DSC_0403-2_sq-400x400-1.jpg 400w, https:\/\/blog.iode.tech\/wp-content\/uploads\/2024\/03\/DSC_0403-2_sq-400x400-1-300x300.jpg 300w, https:\/\/blog.iode.tech\/wp-content\/uploads\/2024\/03\/DSC_0403-2_sq-400x400-1-150x150.jpg 150w\" sizes=\"auto, (max-width: 400px) 100vw, 400px\" \/><\/figure>\n<\/div>\n\n\n<p>Andreas Schmucker est l\u2019un des trois directeurs g\u00e9n\u00e9raux de WEtell. Il dirige les d\u00e9partements marketing et ventes et est donc responsable du \u201cmoteur de croissance\u201d de WEtell. Il s\u2019occupe des coop\u00e9rations avec d\u2019autres entreprises durables comme le fournisseur d\u2019\u00e9nergie Polarstern et Prokon ou les fabricants de smartphones Shift GmbH et Fairphone B.V.. En plus de cela, il est le moteur de tout ce qui repr\u00e9sente publiquement WEtell. De la construction de la marque \u00e0 la communication et aux valeurs de l\u2019entreprise \u2013 Andreas est profond\u00e9ment impliqu\u00e9.<\/p>\n\n\n\n<p>Avec WEtell, il veut montrer que le travail pour le bien commun et le travail orient\u00e9 vers le profit peuvent aller de pair. L\u2019homme de famille s\u2019appuie sur son exp\u00e9rience en tant que consultant ind\u00e9pendant pour les \u00e9nergies renouvelables et sur son passage \u00e0 l\u2019Institut Fraunhofer pour les syst\u00e8mes d\u2019\u00e9nergie solaire \u00e0 Fribourg o\u00f9 il a travaill\u00e9 dans la recherche et le d\u00e9veloppement.<\/p>\n\n\n\n<p>Avec une formation acad\u00e9mique en ing\u00e9nierie des microsyst\u00e8mes, il a fait la connaissance de ses co-fondateurs chez Ingenieure ohne Grenzen e.V. (Ing\u00e9nieurs sans fronti\u00e8res), o\u00f9 il s\u2019est engag\u00e9 en tant que chef du groupe r\u00e9gional \u00e0 Fribourg.<\/p>\n\n\n\n<h2 class=\"wp-block-heading has-text-align-center\">Interview<\/h2>\n\n\n\n<p><strong><em>Comment vous est venue l\u2019id\u00e9e de fonder WETell ?<\/em><\/strong><\/p>\n\n\n\n<p>L\u2019id\u00e9e est apparue en 2008. \u00c0 l\u2019\u00e9poque, j\u2019ai commenc\u00e9 \u00e0 utiliser des produits durables dans ma vie. Mais il n\u2019y avait pas d\u2019alternative dans les services de communications mobiles. Cela m\u2019a d\u00e9rang\u00e9, mais j\u2019ai d\u00fb le n\u00e9gliger pendant un certain temps. Ce n\u2019est que lorsque j\u2019ai d\u00e9cid\u00e9 avec Alma et Nico que nous voulions entreprendre dans le secteur de l\u2019\u00e9conomie verte, que nous avons de nouveau creus\u00e9 le sujet : L\u2019id\u00e9e d\u2019atteindre un grand nombre de personnes avec un produit de masse et ainsi favoriser le changement nous a fascin\u00e9. Suite \u00e0 de nombreuses conversations et r\u00e9flexions sur la fa\u00e7on dont la communication mobile du produit de service pourrait \u00eatre plus respectueuse du climat, nous avons d\u00e9velopp\u00e9 nos principaux points d\u2019attention. Il s\u2019agit notamment de la protection du climat, de la protection des donn\u00e9es, de l\u2019\u00e9quit\u00e9 et de la transparence.<\/p>\n\n\n\n<p>Avec <a href=\"https:\/\/www.wetell.de\/iode-tech\/?pk_cpn=ex-iode-pm\">WEtell, une offre de communication mobile durable<\/a>, nous pouvons atteindre les gens directement. Nous proposons une alternative dans cette industrie, qui se fait attendre depuis longtemps et nous montrons que des services num\u00e9riques modernes peuvent \u00eatre mis en \u0153uvre de mani\u00e8re \u00e0 ce que nos petits-enfants puissent \u00e9galement en b\u00e9n\u00e9ficier. C\u2019est pourquoi nous sommes ici et c\u2019est incroyable de voir ce que nous avons accompli jusqu\u2019\u00e0 pr\u00e9sent.<\/p>\n\n\n\n<p><strong><em>Vous avez tous une formation en sciences et en ing\u00e9nierie. Qu\u2019est-ce qui vous a donn\u00e9 envie de vous lancer dans l\u2019industrie des t\u00e9l\u00e9communications ?<\/em><\/strong><\/p>\n\n\n\n<p>Nous avons en fait une formation scientifique et venons du domaine de la recherche sur les \u00e9nergies renouvelables \u00e0 l\u2019Institut Fraunhofer pour les syst\u00e8mes d\u2019\u00e9nergie solaire.<\/p>\n\n\n\n<p>Ce qui nous anime, c\u2019est la question \u00ab Comment pouvons-nous rem\u00e9dier au changement climatique ? \u00bb. D\u2019un point de vue purement technologique, on est ultra loin. Le probl\u00e8me est que nous ne faisons pas le changement pour des raisons soci\u00e9tales, structurelles et politiques.<\/p>\n\n\n\n<p>Pour pouvoir changer quelque chose ici, nous avons besoin de longs leviers \u00e0 d\u2019autres endroits. L\u2019un de ces leviers sont des produits et services attractifs et abordables, qui parviennent \u00e0 toucher le c\u0153ur de la soci\u00e9t\u00e9. \u00c0 l\u2019heure actuelle, il y a environ 153 millions de cartes SIM actives en Allemagne. Quel produit est le plus adapt\u00e9 pour v\u00e9hiculer une activit\u00e9 \u00e9conomique climatiquement neutre et favoriser l\u2019expansion des \u00e9nergies renouvelables ?<\/p>\n\n\n\n<p><strong><em>Qu\u2019est-ce qui vous a amen\u00e9 \u00e0 combiner les th\u00e8mes de la protection des donn\u00e9es, de la protection de l\u2019environnement et de la communication mobile&nbsp;?<\/em><\/strong><\/p>\n\n\n\n<p>Bien s\u00fbr, nous y avons beaucoup r\u00e9fl\u00e9chi et d\u00e9battu de ce qui constitue des communications mobiles durables. Nous avons rapidement r\u00e9alis\u00e9 que nous avions cette opportunit\u00e9 unique de construire l\u2019offre de communications mobiles comme nous l\u2019avons toujours voulu. Climatiquement neutre, r\u00e9siliable sur une base mensuelle, mises \u00e0 niveau du tarif, avec FAIRst\u00e4rker, meilleur service, pas de revente de donn\u00e9es personnelles et bien plus encore. Ce sont tous des souhaits que nous avons nous-m\u00eames depuis longtemps.<\/p>\n\n\n<div class=\"wp-block-image\">\n<figure class=\"aligncenter size-full\"><img loading=\"lazy\" decoding=\"async\" width=\"1024\" height=\"683\" src=\"https:\/\/blog.iode.tech\/wp-content\/uploads\/2024\/03\/WEtell_Grafik_USPs_KLimaschutz_Datenschutz_FairnessTransparenz-1024x683-1.png\" alt=\"\" class=\"wp-image-1297\" srcset=\"https:\/\/blog.iode.tech\/wp-content\/uploads\/2024\/03\/WEtell_Grafik_USPs_KLimaschutz_Datenschutz_FairnessTransparenz-1024x683-1.png 1024w, https:\/\/blog.iode.tech\/wp-content\/uploads\/2024\/03\/WEtell_Grafik_USPs_KLimaschutz_Datenschutz_FairnessTransparenz-1024x683-1-300x200.png 300w, https:\/\/blog.iode.tech\/wp-content\/uploads\/2024\/03\/WEtell_Grafik_USPs_KLimaschutz_Datenschutz_FairnessTransparenz-1024x683-1-768x512.png 768w\" sizes=\"auto, (max-width: 1024px) 100vw, 1024px\" \/><\/figure>\n<\/div>\n\n\n<p><\/p>\n\n\n\n<p><strong><em><strong><em>En quoi vous diff\u00e9renciez-vous des autres fournisseurs de t\u00e9l\u00e9phonie mobile en Allemagne en termes de protection des donn\u00e9es\u00a0?<\/em><\/strong><\/em><\/strong><\/p>\n\n\n\n<p>Commen\u00e7ons par les choses faciles. Toutes les donn\u00e9es de base de nos clients sont stock\u00e9es sur des serveurs certifi\u00e9s RGPD en Allemagne. De cette fa\u00e7on, nous pouvons nous assurer que les donn\u00e9es sensibles sont prot\u00e9g\u00e9es de tout regard ou tout autre acc\u00e8s externe.<br>L\u00e0 encore, la protection des donn\u00e9es est un domaine vaste, d\u00e9taill\u00e9 et difficile \u00e0 surveiller. Chez iod\u00e9 vous savez de quoi je parle. Ce qui compte ici, c\u2019est l\u2019attitude. Chez WEtell, c\u2019est \u201cla protection des donn\u00e9es d\u2019abord\u201d au lieu des \u201cprofits d\u2019abord\u201d.<\/p>\n\n\n\n<p><a href=\"https:\/\/wetell.de\/iode-tech\">Notre page d\u2019accueil<\/a> n\u2019utilise aucun outil Google. L\u2019application que nous d\u00e9veloppons actuellement n\u2019aura pas de mouchards. Cela peut sembler trivial pour beaucoup de gens, mais il existe des applications qui ont un nombre \u00e0 deux chiffres de mouchards et de sites Web int\u00e9gr\u00e9s, qui envoient des donn\u00e9es utilisateur \u00e0 un nombre \u00e0 trois chiffres d\u2019entreprises. En r\u00e9alit\u00e9, de nombreux services qui se pr\u00e9sentent comme gratuits sont en fait pay\u00e9s pour les donn\u00e9es de leurs utilisateurs.<\/p>\n\n\n\n<p>Notre op\u00e9rateur, Vodafone, dispose des donn\u00e9es de consommation de nos utilisateurs, c\u2019est-\u00e0-dire quel num\u00e9ro appelle un autre num\u00e9ro, o\u00f9 et quand. Nous ne sommes pas int\u00e9ress\u00e9s par la majorit\u00e9 de ces donn\u00e9es et nous n\u2019en faisons pas la demande. Nous avons des donn\u00e9es personnelles pour la comptabilit\u00e9, comme l\u2019adresse ou l\u2019IBAN. Mais l\u2019op\u00e9rateur n\u2019a pas besoin de ces donn\u00e9es et ne les obtient pas de nous. De cette fa\u00e7on, nous pouvons nous assurer que les donn\u00e9es client importantes sont s\u00e9par\u00e9es.<\/p>\n\n\n\n<p>La p\u00e9riode de suppression des diff\u00e9rentes donn\u00e9es est tr\u00e8s pertinente. Nous discutons r\u00e9guli\u00e8rement avec nos partenaires de la mani\u00e8re dont nous pouvons supprimer autant de donn\u00e9es que possible en temps opportun. Nous ne voulons pas vendre les donn\u00e9es sous quelque forme que ce soit, nous sommes donc heureux de nous en d\u00e9barrasser.<\/p>\n\n\n\n<p><strong><em><strong><em>Vous \u00eates une <a href=\"https:\/\/www.wetell.de\/vision\/purpose\/?pk_cpn=ex-iode-pm\" target=\"_blank\" rel=\"noreferrer noopener\">entreprise \u00e0 finalit\u00e9 sociale<\/a>. Que veut dire ceci exactement?<\/em><\/strong><\/em><\/strong><\/p>\n\n\n\n<p>En juin, WEtell s\u2019est transform\u00e9e en soci\u00e9t\u00e9 \u00e0 finalit\u00e9 sociale. C\u2019est un grand pas vers une \u00e9conomie durable. Pour une entreprise bas\u00e9e sur la valeur comme la n\u00f4tre, c\u2019est une question de confiance. Avec ce pas vers la soci\u00e9t\u00e9 \u00e0 finalit\u00e9 sociale, WEtell est \u00e0 jamais ins\u00e9parable de ses valeurs. WEtell ne peut jamais \u00eatre vendu, aucun profit ne peut \u00eatre retir\u00e9 de l\u2019entreprise et les d\u00e9cisions cruciales ne peuvent \u00eatre prises que par les employ\u00e9s de WEtell. Ainsi, par exemple, personne ne peut s\u2019enrichir personnellement aux d\u00e9pens de WEtell. Cela cr\u00e9e plus que de la confiance pour nos clients, car d\u00e9sormais, notre int\u00e9grit\u00e9 est juridiquement contraignante.<\/p>\n\n\n<div class=\"wp-block-image\">\n<figure class=\"aligncenter size-full\"><img loading=\"lazy\" decoding=\"async\" width=\"1024\" height=\"683\" src=\"https:\/\/blog.iode.tech\/wp-content\/uploads\/2024\/03\/Teamfoto_Podest_Juli-2021-scaled-1-1024x683-1.jpg\" alt=\"\" class=\"wp-image-1300\" srcset=\"https:\/\/blog.iode.tech\/wp-content\/uploads\/2024\/03\/Teamfoto_Podest_Juli-2021-scaled-1-1024x683-1.jpg 1024w, https:\/\/blog.iode.tech\/wp-content\/uploads\/2024\/03\/Teamfoto_Podest_Juli-2021-scaled-1-1024x683-1-300x200.jpg 300w, https:\/\/blog.iode.tech\/wp-content\/uploads\/2024\/03\/Teamfoto_Podest_Juli-2021-scaled-1-1024x683-1-768x512.jpg 768w\" sizes=\"auto, (max-width: 1024px) 100vw, 1024px\" \/><\/figure>\n<\/div>\n\n\n<p><strong><em>Quels projets futurs avez-vous dont vous pouvez nous parler, ainsi qu\u2019\u00e0 nos lecteurs&nbsp;?<\/em><\/strong><\/p>\n\n\n\n<p>Nous avons beaucoup d\u2019id\u00e9es. Certaines sont des id\u00e9es folles, d\u2019autres sont plus concr\u00e8tes. Nous pensons au DSL (Digital Subscriber Line) vert, aux tarifs 5G et aux smartphones durables. En fin de compte, nous ne d\u00e9cidons de la mise en \u0153uvre qu\u2019une fois que nous sommes s\u00fbrs que nos valeurs fondamentales peuvent \u00eatre r\u00e9alis\u00e9es de mani\u00e8re pr\u00e9cise et cons\u00e9quente.<\/p>\n\n\n\n<p>\u00c0 long terme, nous voulons \u00e9tablir autant de notre ADN que possible sur le march\u00e9. La terminabilit\u00e9 mensuelle et les mises \u00e0 niveau tarifaires pour les clients existants devraient \u00eatre la norme. Non seulement dans l\u2019espace des communications mobiles, mais aussi pour le DSL. C\u2019est ce sur quoi nous travaillons quotidiennement et nous n\u2019allons \u00e9videmment pas nous arr\u00eater.<\/p>\n\n\n\n<p><strong><em>Et voici un peu d\u2019espace pour tout ce que vous avez toujours voulu dire ou \u00e9crire&nbsp;\ud83d\ude09<\/em><\/strong><\/p>\n\n\n<div class=\"wp-block-image\">\n<figure class=\"aligncenter size-full\"><img loading=\"lazy\" decoding=\"async\" width=\"400\" height=\"400\" src=\"https:\/\/blog.iode.tech\/wp-content\/uploads\/2024\/03\/werte-new-econony-purpose-400x400-1.jpg\" alt=\"\" class=\"wp-image-1303\" srcset=\"https:\/\/blog.iode.tech\/wp-content\/uploads\/2024\/03\/werte-new-econony-purpose-400x400-1.jpg 400w, https:\/\/blog.iode.tech\/wp-content\/uploads\/2024\/03\/werte-new-econony-purpose-400x400-1-300x300.jpg 300w, https:\/\/blog.iode.tech\/wp-content\/uploads\/2024\/03\/werte-new-econony-purpose-400x400-1-150x150.jpg 150w\" sizes=\"auto, (max-width: 400px) 100vw, 400px\" \/><\/figure>\n<\/div>\n\n\n<p>Feu \u00e0 volont\u00e9! Eh bien, je pense que la vraie transformation, la vraie innovation, vient de la base. Non seulement dans une d\u00e9mocratie mais aussi dans l\u2019\u00e9conomie. Si vous voulez participer, vous avez besoin d\u2019une voix qui soit entendue. Les petites entreprises sont g\u00e9n\u00e9ralement bien meilleures dans ce domaine et sont plus conscientes d\u2019elles-m\u00eames. Elles accordent plus d\u2019attention \u00e0 leurs clients.<\/p>\n\n\n\n<p>Les clients des services de communication mobile en Allemagne sont habitu\u00e9s \u00e0 de longues dur\u00e9es de contrat, \u00e0 un mauvais service et \u00e0 des appels marketing ennuyeux. Chez WEtell, nous faisons tout cela mieux, plus convivial et climatiquement neutre. Avec iod\u00e9OS, vous d\u00e9veloppez un excellent produit pour les personnes qui veulent plus de libert\u00e9 et de participation que celles qu\u2019ils obtiennent de Google. Dans la plupart des domaines, il y a plus d\u2019alternatives \u00e0 venir et des progr\u00e8s sont r\u00e9alis\u00e9s. Cela me donne du courage et de l\u2019espoir et je crois que nous sommes sur la bonne voie, m\u00eame si les nouvelles d\u00e9crivent parfois une histoire diff\u00e9rente.<\/p>\n\n\n\n<p><strong><em>Merci Andreas et merci \u00e0 la sympathique \u00e9quipe de WEtell pour ces id\u00e9es. Conduisons le changement ensemble !<\/em><\/strong><\/p>\n\n\n\n<h5 class=\"wp-block-heading\">Faites le changement&nbsp;!<\/h5>\n\n\n\n<p>Pour tous les fans d\u2019iod\u00e9 qui souhaitent passer \u00e0 WEtell&nbsp;: nous avons un bon de 25&nbsp;\u20ac pour vous. <a href=\"https:\/\/www.wetell.de\/iode-tech\/?pk_cpn=ex-iode-pm\" target=\"_blank\" rel=\"noreferrer noopener\">Visitez simplement WEtell<\/a> et utilisez le code du site Web et vous \u00eates pr\u00eat.<\/p>\n\n\n<div class=\"wp-block-image\">\n<figure class=\"aligncenter size-full\"><img loading=\"lazy\" decoding=\"async\" width=\"400\" height=\"400\" src=\"https:\/\/blog.iode.tech\/wp-content\/uploads\/2024\/03\/Wetell_LogoGelb_freigestellt02-400x400-1.png\" alt=\"\" class=\"wp-image-1306\" srcset=\"https:\/\/blog.iode.tech\/wp-content\/uploads\/2024\/03\/Wetell_LogoGelb_freigestellt02-400x400-1.png 400w, https:\/\/blog.iode.tech\/wp-content\/uploads\/2024\/03\/Wetell_LogoGelb_freigestellt02-400x400-1-300x300.png 300w, https:\/\/blog.iode.tech\/wp-content\/uploads\/2024\/03\/Wetell_LogoGelb_freigestellt02-400x400-1-150x150.png 150w\" sizes=\"auto, (max-width: 400px) 100vw, 400px\" \/><\/figure>\n<\/div>","protected":false},"excerpt":{"rendered":"<p>Aujourd\u2019hui, nous voulons vous pr\u00e9senter une entreprise allemande qui s\u2019est engag\u00e9e dans la mission de prot\u00e9ger \u00e0 la fois l\u2019environnement et les donn\u00e9es dans le secteur des communications mobiles. Comment ? Vous allez l\u2019apprendre dans cet interview avec Andreas, l\u2019un des co-fondateurs de WEtell. Chez iod\u00e9,\u00a0 d\u00e8s lors que nous avons entendu parler de WEtell, &#8230; <a title=\"WEtell : communication mobile climatiquement neutre et protection des donn\u00e9es\" class=\"read-more\" href=\"https:\/\/blog.iode.tech\/fr\/wetell-communication-mobile-climatiquement-neutre-et-protection-des-donnees\/\" aria-label=\"En savoir plus sur WEtell : communication mobile climatiquement neutre et protection des donn\u00e9es\">Lire plus<\/a><\/p>\n","protected":false},"author":2,"featured_media":2062,"comment_status":"closed","ping_status":"closed","sticky":false,"template":"","format":"standard","meta":{"footnotes":""},"categories":[29],"tags":[],"class_list":["post-1691","post","type-post","status-publish","format-standard","has-post-thumbnail","hentry","category-cooperations","infinite-scroll-item","generate-columns","tablet-grid-50","mobile-grid-100","grid-parent","grid-33"],"yoast_head":"<!-- This site is optimized with the Yoast SEO plugin v27.4 - https:\/\/yoast.com\/product\/yoast-seo-wordpress\/ -->\n<title>WEtell : communication mobile climatiquement neutre et protection des donn\u00e9es - iod\u00e9<\/title>\n<meta name=\"description\" content=\"Voici une entreprise allemande qui s\u2019est engag\u00e9e dans la mission de prot\u00e9ger \u00e0 la fois l\u2019environnement et les donn\u00e9es mobiles.\" \/>\n<meta name=\"robots\" content=\"index, follow, max-snippet:-1, max-image-preview:large, max-video-preview:-1\" \/>\n<link rel=\"canonical\" href=\"https:\/\/blog.iode.tech\/fr\/wetell-communication-mobile-climatiquement-neutre-et-protection-des-donnees\/\" \/>\n<meta property=\"og:locale\" content=\"fr_FR\" \/>\n<meta property=\"og:type\" content=\"article\" \/>\n<meta property=\"og:title\" content=\"WEtell : communication mobile climatiquement neutre et protection des donn\u00e9es - iod\u00e9\" \/>\n<meta property=\"og:description\" content=\"Voici une entreprise allemande qui s\u2019est engag\u00e9e dans la mission de prot\u00e9ger \u00e0 la fois l\u2019environnement et les donn\u00e9es mobiles.\" \/>\n<meta property=\"og:url\" content=\"https:\/\/blog.iode.tech\/fr\/wetell-communication-mobile-climatiquement-neutre-et-protection-des-donnees\/\" \/>\n<meta property=\"og:site_name\" content=\"iod\u00e9\" \/>\n<meta property=\"article:published_time\" content=\"2022-11-15T12:36:00+00:00\" \/>\n<meta property=\"article:modified_time\" content=\"2024-04-09T13:21:41+00:00\" \/>\n<meta property=\"og:image\" content=\"https:\/\/blog.iode.tech\/wp-content\/uploads\/2022\/11\/Wetell-interview.png\" \/>\n\t<meta property=\"og:image:width\" content=\"1600\" \/>\n\t<meta property=\"og:image:height\" content=\"900\" \/>\n\t<meta property=\"og:image:type\" content=\"image\/png\" \/>\n<meta name=\"author\" content=\"antoine\" \/>\n<meta name=\"twitter:card\" content=\"summary_large_image\" \/>\n<meta name=\"twitter:label1\" content=\"\u00c9crit par\" \/>\n\t<meta name=\"twitter:data1\" content=\"antoine\" \/>\n\t<meta name=\"twitter:label2\" content=\"Dur\u00e9e de lecture estim\u00e9e\" \/>\n\t<meta name=\"twitter:data2\" content=\"9 minutes\" \/>\n<script type=\"application\/ld+json\" class=\"yoast-schema-graph\">{\"@context\":\"https:\\\/\\\/schema.org\",\"@graph\":[{\"@type\":\"Article\",\"@id\":\"https:\\\/\\\/blog.iode.tech\\\/fr\\\/wetell-communication-mobile-climatiquement-neutre-et-protection-des-donnees\\\/#article\",\"isPartOf\":{\"@id\":\"https:\\\/\\\/blog.iode.tech\\\/fr\\\/wetell-communication-mobile-climatiquement-neutre-et-protection-des-donnees\\\/\"},\"author\":{\"name\":\"antoine\",\"@id\":\"https:\\\/\\\/blog.iode.tech\\\/fr\\\/#\\\/schema\\\/person\\\/7cab5eb16a36ea0b408fb262f64aeb3e\"},\"headline\":\"WEtell : communication mobile climatiquement neutre et protection des donn\u00e9es\",\"datePublished\":\"2022-11-15T12:36:00+00:00\",\"dateModified\":\"2024-04-09T13:21:41+00:00\",\"mainEntityOfPage\":{\"@id\":\"https:\\\/\\\/blog.iode.tech\\\/fr\\\/wetell-communication-mobile-climatiquement-neutre-et-protection-des-donnees\\\/\"},\"wordCount\":1820,\"publisher\":{\"@id\":\"https:\\\/\\\/blog.iode.tech\\\/fr\\\/#organization\"},\"image\":{\"@id\":\"https:\\\/\\\/blog.iode.tech\\\/fr\\\/wetell-communication-mobile-climatiquement-neutre-et-protection-des-donnees\\\/#primaryimage\"},\"thumbnailUrl\":\"https:\\\/\\\/blog.iode.tech\\\/wp-content\\\/uploads\\\/2022\\\/11\\\/Wetell-interview.png\",\"articleSection\":[\"Coop\u00e9rations\"],\"inLanguage\":\"fr-FR\"},{\"@type\":\"WebPage\",\"@id\":\"https:\\\/\\\/blog.iode.tech\\\/fr\\\/wetell-communication-mobile-climatiquement-neutre-et-protection-des-donnees\\\/\",\"url\":\"https:\\\/\\\/blog.iode.tech\\\/fr\\\/wetell-communication-mobile-climatiquement-neutre-et-protection-des-donnees\\\/\",\"name\":\"WEtell : communication mobile climatiquement neutre et protection des donn\u00e9es - iod\u00e9\",\"isPartOf\":{\"@id\":\"https:\\\/\\\/blog.iode.tech\\\/fr\\\/#website\"},\"primaryImageOfPage\":{\"@id\":\"https:\\\/\\\/blog.iode.tech\\\/fr\\\/wetell-communication-mobile-climatiquement-neutre-et-protection-des-donnees\\\/#primaryimage\"},\"image\":{\"@id\":\"https:\\\/\\\/blog.iode.tech\\\/fr\\\/wetell-communication-mobile-climatiquement-neutre-et-protection-des-donnees\\\/#primaryimage\"},\"thumbnailUrl\":\"https:\\\/\\\/blog.iode.tech\\\/wp-content\\\/uploads\\\/2022\\\/11\\\/Wetell-interview.png\",\"datePublished\":\"2022-11-15T12:36:00+00:00\",\"dateModified\":\"2024-04-09T13:21:41+00:00\",\"description\":\"Voici une entreprise allemande qui s\u2019est engag\u00e9e dans la mission de prot\u00e9ger \u00e0 la fois l\u2019environnement et les donn\u00e9es mobiles.\",\"breadcrumb\":{\"@id\":\"https:\\\/\\\/blog.iode.tech\\\/fr\\\/wetell-communication-mobile-climatiquement-neutre-et-protection-des-donnees\\\/#breadcrumb\"},\"inLanguage\":\"fr-FR\",\"potentialAction\":[{\"@type\":\"ReadAction\",\"target\":[\"https:\\\/\\\/blog.iode.tech\\\/fr\\\/wetell-communication-mobile-climatiquement-neutre-et-protection-des-donnees\\\/\"]}]},{\"@type\":\"ImageObject\",\"inLanguage\":\"fr-FR\",\"@id\":\"https:\\\/\\\/blog.iode.tech\\\/fr\\\/wetell-communication-mobile-climatiquement-neutre-et-protection-des-donnees\\\/#primaryimage\",\"url\":\"https:\\\/\\\/blog.iode.tech\\\/wp-content\\\/uploads\\\/2022\\\/11\\\/Wetell-interview.png\",\"contentUrl\":\"https:\\\/\\\/blog.iode.tech\\\/wp-content\\\/uploads\\\/2022\\\/11\\\/Wetell-interview.png\",\"width\":1600,\"height\":900,\"caption\":\"Wetell interview\"},{\"@type\":\"BreadcrumbList\",\"@id\":\"https:\\\/\\\/blog.iode.tech\\\/fr\\\/wetell-communication-mobile-climatiquement-neutre-et-protection-des-donnees\\\/#breadcrumb\",\"itemListElement\":[{\"@type\":\"ListItem\",\"position\":1,\"name\":\"Home\",\"item\":\"https:\\\/\\\/blog.iode.tech\\\/fr\\\/\"},{\"@type\":\"ListItem\",\"position\":2,\"name\":\"WEtell : communication mobile climatiquement neutre et protection des donn\u00e9es\"}]},{\"@type\":\"WebSite\",\"@id\":\"https:\\\/\\\/blog.iode.tech\\\/fr\\\/#website\",\"url\":\"https:\\\/\\\/blog.iode.tech\\\/fr\\\/\",\"name\":\"iod\u00e9\",\"description\":\"Take back control of your data\",\"publisher\":{\"@id\":\"https:\\\/\\\/blog.iode.tech\\\/fr\\\/#organization\"},\"potentialAction\":[{\"@type\":\"SearchAction\",\"target\":{\"@type\":\"EntryPoint\",\"urlTemplate\":\"https:\\\/\\\/blog.iode.tech\\\/fr\\\/?s={search_term_string}\"},\"query-input\":{\"@type\":\"PropertyValueSpecification\",\"valueRequired\":true,\"valueName\":\"search_term_string\"}}],\"inLanguage\":\"fr-FR\"},{\"@type\":\"Organization\",\"@id\":\"https:\\\/\\\/blog.iode.tech\\\/fr\\\/#organization\",\"name\":\"iod\u00e9\",\"url\":\"https:\\\/\\\/blog.iode.tech\\\/fr\\\/\",\"logo\":{\"@type\":\"ImageObject\",\"inLanguage\":\"fr-FR\",\"@id\":\"https:\\\/\\\/blog.iode.tech\\\/fr\\\/#\\\/schema\\\/logo\\\/image\\\/\",\"url\":\"https:\\\/\\\/blog.iode.tech\\\/wp-content\\\/uploads\\\/2024\\\/03\\\/cropped-iode_logo.png\",\"contentUrl\":\"https:\\\/\\\/blog.iode.tech\\\/wp-content\\\/uploads\\\/2024\\\/03\\\/cropped-iode_logo.png\",\"width\":119,\"height\":45,\"caption\":\"iod\u00e9\"},\"image\":{\"@id\":\"https:\\\/\\\/blog.iode.tech\\\/fr\\\/#\\\/schema\\\/logo\\\/image\\\/\"}},{\"@type\":\"Person\",\"@id\":\"https:\\\/\\\/blog.iode.tech\\\/fr\\\/#\\\/schema\\\/person\\\/7cab5eb16a36ea0b408fb262f64aeb3e\",\"name\":\"antoine\",\"image\":{\"@type\":\"ImageObject\",\"inLanguage\":\"fr-FR\",\"@id\":\"https:\\\/\\\/secure.gravatar.com\\\/avatar\\\/80723704c9c10bc6edf6adf74ed0abd8631fd228e719138f842dfb16cac70c9d?s=96&d=mm&r=g\",\"url\":\"https:\\\/\\\/secure.gravatar.com\\\/avatar\\\/80723704c9c10bc6edf6adf74ed0abd8631fd228e719138f842dfb16cac70c9d?s=96&d=mm&r=g\",\"contentUrl\":\"https:\\\/\\\/secure.gravatar.com\\\/avatar\\\/80723704c9c10bc6edf6adf74ed0abd8631fd228e719138f842dfb16cac70c9d?s=96&d=mm&r=g\",\"caption\":\"antoine\"},\"url\":\"https:\\\/\\\/blog.iode.tech\\\/fr\\\/author\\\/antoine\\\/\"}]}<\/script>\n<!-- \/ Yoast SEO plugin. -->","yoast_head_json":{"title":"WEtell : communication mobile climatiquement neutre et protection des donn\u00e9es - iod\u00e9","description":"Voici une entreprise allemande qui s\u2019est engag\u00e9e dans la mission de prot\u00e9ger \u00e0 la fois l\u2019environnement et les donn\u00e9es mobiles.","robots":{"index":"index","follow":"follow","max-snippet":"max-snippet:-1","max-image-preview":"max-image-preview:large","max-video-preview":"max-video-preview:-1"},"canonical":"https:\/\/blog.iode.tech\/fr\/wetell-communication-mobile-climatiquement-neutre-et-protection-des-donnees\/","og_locale":"fr_FR","og_type":"article","og_title":"WEtell : communication mobile climatiquement neutre et protection des donn\u00e9es - iod\u00e9","og_description":"Voici une entreprise allemande qui s\u2019est engag\u00e9e dans la mission de prot\u00e9ger \u00e0 la fois l\u2019environnement et les donn\u00e9es mobiles.","og_url":"https:\/\/blog.iode.tech\/fr\/wetell-communication-mobile-climatiquement-neutre-et-protection-des-donnees\/","og_site_name":"iod\u00e9","article_published_time":"2022-11-15T12:36:00+00:00","article_modified_time":"2024-04-09T13:21:41+00:00","og_image":[{"width":1600,"height":900,"url":"https:\/\/blog.iode.tech\/wp-content\/uploads\/2022\/11\/Wetell-interview.png","type":"image\/png"}],"author":"antoine","twitter_card":"summary_large_image","twitter_misc":{"\u00c9crit par":"antoine","Dur\u00e9e de lecture estim\u00e9e":"9 minutes"},"schema":{"@context":"https:\/\/schema.org","@graph":[{"@type":"Article","@id":"https:\/\/blog.iode.tech\/fr\/wetell-communication-mobile-climatiquement-neutre-et-protection-des-donnees\/#article","isPartOf":{"@id":"https:\/\/blog.iode.tech\/fr\/wetell-communication-mobile-climatiquement-neutre-et-protection-des-donnees\/"},"author":{"name":"antoine","@id":"https:\/\/blog.iode.tech\/fr\/#\/schema\/person\/7cab5eb16a36ea0b408fb262f64aeb3e"},"headline":"WEtell : communication mobile climatiquement neutre et protection des donn\u00e9es","datePublished":"2022-11-15T12:36:00+00:00","dateModified":"2024-04-09T13:21:41+00:00","mainEntityOfPage":{"@id":"https:\/\/blog.iode.tech\/fr\/wetell-communication-mobile-climatiquement-neutre-et-protection-des-donnees\/"},"wordCount":1820,"publisher":{"@id":"https:\/\/blog.iode.tech\/fr\/#organization"},"image":{"@id":"https:\/\/blog.iode.tech\/fr\/wetell-communication-mobile-climatiquement-neutre-et-protection-des-donnees\/#primaryimage"},"thumbnailUrl":"https:\/\/blog.iode.tech\/wp-content\/uploads\/2022\/11\/Wetell-interview.png","articleSection":["Coop\u00e9rations"],"inLanguage":"fr-FR"},{"@type":"WebPage","@id":"https:\/\/blog.iode.tech\/fr\/wetell-communication-mobile-climatiquement-neutre-et-protection-des-donnees\/","url":"https:\/\/blog.iode.tech\/fr\/wetell-communication-mobile-climatiquement-neutre-et-protection-des-donnees\/","name":"WEtell : communication mobile climatiquement neutre et protection des donn\u00e9es - iod\u00e9","isPartOf":{"@id":"https:\/\/blog.iode.tech\/fr\/#website"},"primaryImageOfPage":{"@id":"https:\/\/blog.iode.tech\/fr\/wetell-communication-mobile-climatiquement-neutre-et-protection-des-donnees\/#primaryimage"},"image":{"@id":"https:\/\/blog.iode.tech\/fr\/wetell-communication-mobile-climatiquement-neutre-et-protection-des-donnees\/#primaryimage"},"thumbnailUrl":"https:\/\/blog.iode.tech\/wp-content\/uploads\/2022\/11\/Wetell-interview.png","datePublished":"2022-11-15T12:36:00+00:00","dateModified":"2024-04-09T13:21:41+00:00","description":"Voici une entreprise allemande qui s\u2019est engag\u00e9e dans la mission de prot\u00e9ger \u00e0 la fois l\u2019environnement et les donn\u00e9es mobiles.","breadcrumb":{"@id":"https:\/\/blog.iode.tech\/fr\/wetell-communication-mobile-climatiquement-neutre-et-protection-des-donnees\/#breadcrumb"},"inLanguage":"fr-FR","potentialAction":[{"@type":"ReadAction","target":["https:\/\/blog.iode.tech\/fr\/wetell-communication-mobile-climatiquement-neutre-et-protection-des-donnees\/"]}]},{"@type":"ImageObject","inLanguage":"fr-FR","@id":"https:\/\/blog.iode.tech\/fr\/wetell-communication-mobile-climatiquement-neutre-et-protection-des-donnees\/#primaryimage","url":"https:\/\/blog.iode.tech\/wp-content\/uploads\/2022\/11\/Wetell-interview.png","contentUrl":"https:\/\/blog.iode.tech\/wp-content\/uploads\/2022\/11\/Wetell-interview.png","width":1600,"height":900,"caption":"Wetell interview"},{"@type":"BreadcrumbList","@id":"https:\/\/blog.iode.tech\/fr\/wetell-communication-mobile-climatiquement-neutre-et-protection-des-donnees\/#breadcrumb","itemListElement":[{"@type":"ListItem","position":1,"name":"Home","item":"https:\/\/blog.iode.tech\/fr\/"},{"@type":"ListItem","position":2,"name":"WEtell : communication mobile climatiquement neutre et protection des donn\u00e9es"}]},{"@type":"WebSite","@id":"https:\/\/blog.iode.tech\/fr\/#website","url":"https:\/\/blog.iode.tech\/fr\/","name":"iod\u00e9","description":"Take back control of your data","publisher":{"@id":"https:\/\/blog.iode.tech\/fr\/#organization"},"potentialAction":[{"@type":"SearchAction","target":{"@type":"EntryPoint","urlTemplate":"https:\/\/blog.iode.tech\/fr\/?s={search_term_string}"},"query-input":{"@type":"PropertyValueSpecification","valueRequired":true,"valueName":"search_term_string"}}],"inLanguage":"fr-FR"},{"@type":"Organization","@id":"https:\/\/blog.iode.tech\/fr\/#organization","name":"iod\u00e9","url":"https:\/\/blog.iode.tech\/fr\/","logo":{"@type":"ImageObject","inLanguage":"fr-FR","@id":"https:\/\/blog.iode.tech\/fr\/#\/schema\/logo\/image\/","url":"https:\/\/blog.iode.tech\/wp-content\/uploads\/2024\/03\/cropped-iode_logo.png","contentUrl":"https:\/\/blog.iode.tech\/wp-content\/uploads\/2024\/03\/cropped-iode_logo.png","width":119,"height":45,"caption":"iod\u00e9"},"image":{"@id":"https:\/\/blog.iode.tech\/fr\/#\/schema\/logo\/image\/"}},{"@type":"Person","@id":"https:\/\/blog.iode.tech\/fr\/#\/schema\/person\/7cab5eb16a36ea0b408fb262f64aeb3e","name":"antoine","image":{"@type":"ImageObject","inLanguage":"fr-FR","@id":"https:\/\/secure.gravatar.com\/avatar\/80723704c9c10bc6edf6adf74ed0abd8631fd228e719138f842dfb16cac70c9d?s=96&d=mm&r=g","url":"https:\/\/secure.gravatar.com\/avatar\/80723704c9c10bc6edf6adf74ed0abd8631fd228e719138f842dfb16cac70c9d?s=96&d=mm&r=g","contentUrl":"https:\/\/secure.gravatar.com\/avatar\/80723704c9c10bc6edf6adf74ed0abd8631fd228e719138f842dfb16cac70c9d?s=96&d=mm&r=g","caption":"antoine"},"url":"https:\/\/blog.iode.tech\/fr\/author\/antoine\/"}]}},"_links":{"self":[{"href":"https:\/\/blog.iode.tech\/fr\/wp-json\/wp\/v2\/posts\/1691","targetHints":{"allow":["GET"]}}],"collection":[{"href":"https:\/\/blog.iode.tech\/fr\/wp-json\/wp\/v2\/posts"}],"about":[{"href":"https:\/\/blog.iode.tech\/fr\/wp-json\/wp\/v2\/types\/post"}],"author":[{"embeddable":true,"href":"https:\/\/blog.iode.tech\/fr\/wp-json\/wp\/v2\/users\/2"}],"replies":[{"embeddable":true,"href":"https:\/\/blog.iode.tech\/fr\/wp-json\/wp\/v2\/comments?post=1691"}],"version-history":[{"count":1,"href":"https:\/\/blog.iode.tech\/fr\/wp-json\/wp\/v2\/posts\/1691\/revisions"}],"predecessor-version":[{"id":1692,"href":"https:\/\/blog.iode.tech\/fr\/wp-json\/wp\/v2\/posts\/1691\/revisions\/1692"}],"wp:featuredmedia":[{"embeddable":true,"href":"https:\/\/blog.iode.tech\/fr\/wp-json\/wp\/v2\/media\/2062"}],"wp:attachment":[{"href":"https:\/\/blog.iode.tech\/fr\/wp-json\/wp\/v2\/media?parent=1691"}],"wp:term":[{"taxonomy":"category","embeddable":true,"href":"https:\/\/blog.iode.tech\/fr\/wp-json\/wp\/v2\/categories?post=1691"},{"taxonomy":"post_tag","embeddable":true,"href":"https:\/\/blog.iode.tech\/fr\/wp-json\/wp\/v2\/tags?post=1691"}],"curies":[{"name":"wp","href":"https:\/\/api.w.org\/{rel}","templated":true}]}}